{"id":72,"date":"2024-01-04T08:15:18","date_gmt":"2024-01-04T07:15:18","guid":{"rendered":"https:\/\/cabpyme.org\/?p=72"},"modified":"2024-01-04T08:15:19","modified_gmt":"2024-01-04T07:15:19","slug":"recibimos-al-presidente-alberto-fernandez","status":"publish","type":"post","link":"https:\/\/cabpyme.org\/index.php\/2024\/01\/04\/recibimos-al-presidente-alberto-fernandez\/","title":{"rendered":"Recibimos al Presidente Alberto Fernandez"},"content":{"rendered":"\n<p>CABPYME recibi\u00f3 al Presidente de la Naci\u00f3n Alberto Fernandez en su arribo a la ciudad de Mar del Plata  oportunidad en que le hicimos entrega del Plan Estrat\u00e9gico de desarrollo econ\u00f3mico PLAN CIP Y EFS desarrollados por nuestros equipos tecnicos<\/p>\n\n\n\n<figure class=\"wp-block-image size-large\"><img loading=\"lazy\" decoding=\"async\" width=\"1024\" height=\"576\" src=\"https:\/\/cabpyme.org\/wp-content\/uploads\/2024\/01\/20220726_124951-1024x576.jpg\" alt=\"\" class=\"wp-image-73\" srcset=\"https:\/\/cabpyme.org\/wp-content\/uploads\/2024\/01\/20220726_124951-1024x576.jpg 1024w, https:\/\/cabpyme.org\/wp-content\/uploads\/2024\/01\/20220726_124951-300x169.jpg 300w, https:\/\/cabpyme.org\/wp-content\/uploads\/2024\/01\/20220726_124951-768x432.jpg 768w, https:\/\/cabpyme.org\/wp-content\/uploads\/2024\/01\/20220726_124951-1536x864.jpg 1536w, https:\/\/cabpyme.org\/wp-content\/uploads\/2024\/01\/20220726_124951-2048x1152.jpg 2048w\" sizes=\"auto, (max-width: 1024px) 100vw, 1024px\" \/><\/figure>\n","protected":false},"excerpt":{"rendered":"<p>CABPYME recibi\u00f3 al Presidente de la Naci\u00f3n Alberto Fernandez en su arribo a la ciudad de Mar del Plata oportunidad en que le hicimos entrega del Plan Estrat\u00e9gico de desarrollo econ\u00f3mico PLAN CIP Y EFS desarrollados por nuestros equipos tecnicos<\/p>\n","protected":false},"author":1,"featured_media":73,"comment_status":"closed","ping_status":"closed","sticky":false,"template":"","format":"standard","meta":{"footnotes":""},"categories":[1],"tags":[],"class_list":["post-72","post","type-post","status-publish","format-standard","has-post-thumbnail","hentry","category-blog"],"_links":{"self":[{"href":"https:\/\/cabpyme.org\/index.php\/wp-json\/wp\/v2\/posts\/72","targetHints":{"allow":["GET"]}}],"collection":[{"href":"https:\/\/cabpyme.org\/index.php\/wp-json\/wp\/v2\/posts"}],"about":[{"href":"https:\/\/cabpyme.org\/index.php\/wp-json\/wp\/v2\/types\/post"}],"author":[{"embeddable":true,"href":"https:\/\/cabpyme.org\/index.php\/wp-json\/wp\/v2\/users\/1"}],"replies":[{"embeddable":true,"href":"https:\/\/cabpyme.org\/index.php\/wp-json\/wp\/v2\/comments?post=72"}],"version-history":[{"count":1,"href":"https:\/\/cabpyme.org\/index.php\/wp-json\/wp\/v2\/posts\/72\/revisions"}],"predecessor-version":[{"id":74,"href":"https:\/\/cabpyme.org\/index.php\/wp-json\/wp\/v2\/posts\/72\/revisions\/74"}],"wp:featuredmedia":[{"embeddable":true,"href":"https:\/\/cabpyme.org\/index.php\/wp-json\/wp\/v2\/media\/73"}],"wp:attachment":[{"href":"https:\/\/cabpyme.org\/index.php\/wp-json\/wp\/v2\/media?parent=72"}],"wp:term":[{"taxonomy":"category","embeddable":true,"href":"https:\/\/cabpyme.org\/index.php\/wp-json\/wp\/v2\/categories?post=72"},{"taxonomy":"post_tag","embeddable":true,"href":"https:\/\/cabpyme.org\/index.php\/wp-json\/wp\/v2\/tags?post=72"}],"curies":[{"name":"wp","href":"https:\/\/api.w.org\/{rel}","templated":true}]}}