{"id":69,"date":"2024-01-04T08:09:08","date_gmt":"2024-01-04T07:09:08","guid":{"rendered":"https:\/\/cabpyme.org\/?p=69"},"modified":"2024-01-04T08:09:08","modified_gmt":"2024-01-04T07:09:08","slug":"reunion-de-articulacion-con-cancilleria","status":"publish","type":"post","link":"https:\/\/cabpyme.org\/index.php\/2024\/01\/04\/reunion-de-articulacion-con-cancilleria\/","title":{"rendered":"Reuni\u00f3n de Articulacion con Cancilleria"},"content":{"rendered":"\n<p><strong>Reuni\u00f3n de Articulacion con Cancilleria<\/strong><\/p>\n\n\n\n<p>El 24 de Mayo del 2022 CABPYME participo de una muy fruct\u00edfera reuni\u00f3n con Martin Navarro, Director de la Agencia Argentina de Inversiones y Comercio Internacional, una organizaci\u00f3n sin fines de Lucro que es dependiente de Canciller\u00eda Argentina. En la reuni\u00f3n tambi\u00e9n participaron Facundo Villalba, delegado Regional del Instituto Nacional de Asociativismo y Econom\u00eda Social (INAES) del Ministerio de Desarrollo Productivo de la Naci\u00f3n, el Cluster Ap\u00edcola de la Cuenca del Salado y el Consorcio Federal de Alimentos Argentinos.<\/p>\n\n\n\n<figure class=\"wp-block-image size-large\"><img loading=\"lazy\" decoding=\"async\" width=\"1024\" height=\"576\" src=\"https:\/\/cabpyme.org\/wp-content\/uploads\/2024\/01\/20220524_185039-1024x576.jpg\" alt=\"\" class=\"wp-image-70\" srcset=\"https:\/\/cabpyme.org\/wp-content\/uploads\/2024\/01\/20220524_185039-1024x576.jpg 1024w, https:\/\/cabpyme.org\/wp-content\/uploads\/2024\/01\/20220524_185039-300x169.jpg 300w, https:\/\/cabpyme.org\/wp-content\/uploads\/2024\/01\/20220524_185039-768x432.jpg 768w, https:\/\/cabpyme.org\/wp-content\/uploads\/2024\/01\/20220524_185039-1536x864.jpg 1536w, https:\/\/cabpyme.org\/wp-content\/uploads\/2024\/01\/20220524_185039-2048x1152.jpg 2048w\" sizes=\"auto, (max-width: 1024px) 100vw, 1024px\" \/><\/figure>\n\n\n\n<p>El encuentro tuvo por finalidad conversar sobre las l\u00edneas de acci\u00f3n de la Agencia, que tiene por objetivo promover las exportaciones y las inversiones en la Argentina, y se charlo sobre acompa\u00f1ar desde ambos Organismos y desde CABPYME a las empresas bonaerenses en su salida al mundo, as\u00ed como de facilitar herramientas para proyectos de inversi\u00f3n productiva a lo largo del Territorio Nacional.<\/p>\n\n\n\n<p>Tambi\u00e9n se acord\u00f3 capacitar t\u00e9cnicamente a miembros de la C\u00e1mara para poder acompa\u00f1ar a las Pymes en la elaboraci\u00f3n de Proyectos de Exportaci\u00f3n, ayud\u00e1ndolas tanto en los tramites necesarios como en la planificaci\u00f3n de sus estrategias. &nbsp;<\/p>\n\n\n\n<p>Por ultimo, se avanz\u00f3 en la articulaci\u00f3n para que las Pymes Socias de la Camara puedan participar de Ferias Internacionales de Inversi\u00f3n y Promoci\u00f3n a lo largo del mundo. Una herramienta Fundamental para el desarrollo exportador de las Pymes Bonaerenses.<\/p>\n","protected":false},"excerpt":{"rendered":"<p>Reuni\u00f3n de Articulacion con Cancilleria El 24 de Mayo del 2022 CABPYME participo de una muy fruct\u00edfera reuni\u00f3n con Martin Navarro, Director de la Agencia Argentina de Inversiones y Comercio Internacional, una organizaci\u00f3n sin fines de Lucro que es dependiente de Canciller\u00eda Argentina. En la reuni\u00f3n tambi\u00e9n participaron Facundo Villalba, delegado Regional del Instituto Nacional [&hellip;]<\/p>\n","protected":false},"author":1,"featured_media":70,"comment_status":"closed","ping_status":"closed","sticky":false,"template":"","format":"standard","meta":{"footnotes":""},"categories":[1],"tags":[],"class_list":["post-69","post","type-post","status-publish","format-standard","has-post-thumbnail","hentry","category-blog"],"_links":{"self":[{"href":"https:\/\/cabpyme.org\/index.php\/wp-json\/wp\/v2\/posts\/69","targetHints":{"allow":["GET"]}}],"collection":[{"href":"https:\/\/cabpyme.org\/index.php\/wp-json\/wp\/v2\/posts"}],"about":[{"href":"https:\/\/cabpyme.org\/index.php\/wp-json\/wp\/v2\/types\/post"}],"author":[{"embeddable":true,"href":"https:\/\/cabpyme.org\/index.php\/wp-json\/wp\/v2\/users\/1"}],"replies":[{"embeddable":true,"href":"https:\/\/cabpyme.org\/index.php\/wp-json\/wp\/v2\/comments?post=69"}],"version-history":[{"count":1,"href":"https:\/\/cabpyme.org\/index.php\/wp-json\/wp\/v2\/posts\/69\/revisions"}],"predecessor-version":[{"id":71,"href":"https:\/\/cabpyme.org\/index.php\/wp-json\/wp\/v2\/posts\/69\/revisions\/71"}],"wp:featuredmedia":[{"embeddable":true,"href":"https:\/\/cabpyme.org\/index.php\/wp-json\/wp\/v2\/media\/70"}],"wp:attachment":[{"href":"https:\/\/cabpyme.org\/index.php\/wp-json\/wp\/v2\/media?parent=69"}],"wp:term":[{"taxonomy":"category","embeddable":true,"href":"https:\/\/cabpyme.org\/index.php\/wp-json\/wp\/v2\/categories?post=69"},{"taxonomy":"post_tag","embeddable":true,"href":"https:\/\/cabpyme.org\/index.php\/wp-json\/wp\/v2\/tags?post=69"}],"curies":[{"name":"wp","href":"https:\/\/api.w.org\/{rel}","templated":true}]}}