{"id":63,"date":"2024-01-04T08:06:40","date_gmt":"2024-01-04T07:06:40","guid":{"rendered":"https:\/\/cabpyme.org\/?p=63"},"modified":"2024-01-04T08:06:50","modified_gmt":"2024-01-04T07:06:50","slug":"constitucion-de-cabpyme","status":"publish","type":"post","link":"https:\/\/cabpyme.org\/index.php\/2024\/01\/04\/constitucion-de-cabpyme\/","title":{"rendered":"CONSTITUCION DE CABPYME"},"content":{"rendered":"\n<p><strong><u>CONSTITUCION DE CABPYME<\/u><\/strong><\/p>\n\n\n\n<p>El 22 de septiembre de 2021 asumieron las flamantes autoridades de CABPYME, con Walter Torbay, Enrique Stampella, Alberto Darguibel y Juan Manuel Fernandez al frente de la comisi\u00f3n directiva, en un acto celebrado en la sede de la Fundaci\u00f3n CEPES en Mar del Plata. En palabras del Presidente de CABPYME, Walter Torbay, \u201cuno puede intuir con observar a algunos de los invitados que est\u00e1n presentes hoy que este se trata de un acto at\u00edpico, pero no es as\u00ed, es un ejemplo de los nuevos tiempos que corren, porque todos los sectores nos hemos dado cuenta que de la Crisis salimos todos juntos o no sale nadie\u201d<\/p>\n\n\n\n<figure class=\"wp-block-image size-large\"><img loading=\"lazy\" decoding=\"async\" width=\"1024\" height=\"685\" src=\"https:\/\/cabpyme.org\/wp-content\/uploads\/2024\/01\/IMG-20211128-WA0020-1024x685.jpg\" alt=\"\" class=\"wp-image-64\" srcset=\"https:\/\/cabpyme.org\/wp-content\/uploads\/2024\/01\/IMG-20211128-WA0020-1024x685.jpg 1024w, https:\/\/cabpyme.org\/wp-content\/uploads\/2024\/01\/IMG-20211128-WA0020-300x201.jpg 300w, https:\/\/cabpyme.org\/wp-content\/uploads\/2024\/01\/IMG-20211128-WA0020-768x514.jpg 768w, https:\/\/cabpyme.org\/wp-content\/uploads\/2024\/01\/IMG-20211128-WA0020.jpg 1280w\" sizes=\"auto, (max-width: 1024px) 100vw, 1024px\" \/><\/figure>\n\n\n\n<p>Sus palabras no son casuales, pues entre los invitados se destacaba la presencia de autoridades del Ministerio de Trabajo de la Naci\u00f3n como Daniel Di Bartolo, su director local; El Concejal marplatense Daniel Rodriguez, un hist\u00f3rico constructor y referente de la pol\u00edtica; Y del Secretario Regional de la CGT Miguel Guglielmotti, el representante m\u00e1s importante de los trabajadores a nivel local.<\/p>\n\n\n\n<p>En palabras de Walter Torbay: \u201cEl Estado, la Pol\u00edtica y los Sindicatos acompa\u00f1an porque entienden que las Pymes son los m\u00e1s interesados en sacar el pa\u00eds adelante, y son a la vez el \u00fanico sector empresario con el cual se puede construir la salida a la crisis econ\u00f3mica y social de argentina. \u201c<\/p>\n\n\n\n<figure class=\"wp-block-image size-large\"><img loading=\"lazy\" decoding=\"async\" width=\"1024\" height=\"685\" src=\"https:\/\/cabpyme.org\/wp-content\/uploads\/2024\/01\/IMG-20211128-WA0018-1024x685.jpg\" alt=\"\" class=\"wp-image-65\" srcset=\"https:\/\/cabpyme.org\/wp-content\/uploads\/2024\/01\/IMG-20211128-WA0018-1024x685.jpg 1024w, https:\/\/cabpyme.org\/wp-content\/uploads\/2024\/01\/IMG-20211128-WA0018-300x201.jpg 300w, https:\/\/cabpyme.org\/wp-content\/uploads\/2024\/01\/IMG-20211128-WA0018-768x514.jpg 768w, https:\/\/cabpyme.org\/wp-content\/uploads\/2024\/01\/IMG-20211128-WA0018.jpg 1280w\" sizes=\"auto, (max-width: 1024px) 100vw, 1024px\" \/><\/figure>\n\n\n\n<p>\u201cLas Pymes han estado atomizadas, desorganizadas y dispersas por toda la historia de nuestro pa\u00eds, por eso mismo los monopolios y las grandes empresas vienen dominando la pol\u00edtica argentina, que la verdad es lo que nos lleva a la Crisis Econ\u00f3mica y Social en la que estamos ahora\u2026\u201d<\/p>\n\n\n\n<p>\u201cEso se empieza a terminar hoy en este lugar, por eso hoy es un d\u00eda hist\u00f3rico, y estoy seguro que la Historia as\u00ed lo va a demostrar\u2026\u201d<\/p>\n\n\n\n<p>\u201cLas Pymes populares de la Provincia, como los almaceneros, los verduleros, los feriantes, los artesanos, los peque\u00f1os productores, los t\u00e9cnicos, especialistas, monotributistas y dem\u00e1s trabajadores y Pymes empezamos, a partir de hoy, a unirnos todos para dejar de estar relegados en el plano pol\u00edtico, para hacer escuchar nuestra voz y para imponer nuestro inter\u00e9s de una naci\u00f3n prospera, feliz y soberana \u201cAs\u00ed cerraba Walter Torbay su discurso.<\/p>\n\n\n\n<figure class=\"wp-block-image size-large\"><img loading=\"lazy\" decoding=\"async\" width=\"1024\" height=\"685\" src=\"https:\/\/cabpyme.org\/wp-content\/uploads\/2024\/01\/IMG-20211128-WA0023-1024x685.jpg\" alt=\"\" class=\"wp-image-66\" srcset=\"https:\/\/cabpyme.org\/wp-content\/uploads\/2024\/01\/IMG-20211128-WA0023-1024x685.jpg 1024w, https:\/\/cabpyme.org\/wp-content\/uploads\/2024\/01\/IMG-20211128-WA0023-300x201.jpg 300w, https:\/\/cabpyme.org\/wp-content\/uploads\/2024\/01\/IMG-20211128-WA0023-768x514.jpg 768w, https:\/\/cabpyme.org\/wp-content\/uploads\/2024\/01\/IMG-20211128-WA0023.jpg 1280w\" sizes=\"auto, (max-width: 1024px) 100vw, 1024px\" \/><\/figure>\n\n\n\n<p>\u201cEstamos muy animados, la verdad que tenemos muchas ganas de hacer cosas grandes para las pymes Bonaerenses\u2026 y esto reci\u00e9n empieza, estoy seguro que no termina ac\u00e1, as\u00ed que estamos muy entusiasmados\u201d dec\u00eda Enrique Stampella, el Secretario de Planificaci\u00f3n y Prospectiva de la Camara<\/p>\n\n\n\n<p>\u201cHoy se hablo de generaci\u00f3n de trabajo en blanco y de calidad para los trabajadores, teniendo en cuenta que las Pymes generan el 85% del Trabajo en el pa\u00eds\u2026 y por eso mismo celebramos este d\u00eda y este acto y acompa\u00f1amos en las metas que se hablaron hoy\u201d Cerraba Miguel Guglielmotti, secretario Regional de la CGT.<\/p>\n\n\n\n<p>El desaf\u00edo reci\u00e9n empieza, pero las Pymes ya cuentan hoy con el instrumento pol\u00edtico para dar vuelta la historia.<\/p>\n","protected":false},"excerpt":{"rendered":"<p>CONSTITUCION DE CABPYME El 22 de septiembre de 2021 asumieron las flamantes autoridades de CABPYME, con Walter Torbay, Enrique Stampella, Alberto Darguibel y Juan Manuel Fernandez al frente de la comisi\u00f3n directiva, en un acto celebrado en la sede de la Fundaci\u00f3n CEPES en Mar del Plata. En palabras del Presidente de CABPYME, Walter Torbay, [&hellip;]<\/p>\n","protected":false},"author":1,"featured_media":64,"comment_status":"closed","ping_status":"closed","sticky":false,"template":"","format":"standard","meta":{"footnotes":""},"categories":[1],"tags":[],"class_list":["post-63","post","type-post","status-publish","format-standard","has-post-thumbnail","hentry","category-blog"],"_links":{"self":[{"href":"https:\/\/cabpyme.org\/index.php\/wp-json\/wp\/v2\/posts\/63","targetHints":{"allow":["GET"]}}],"collection":[{"href":"https:\/\/cabpyme.org\/index.php\/wp-json\/wp\/v2\/posts"}],"about":[{"href":"https:\/\/cabpyme.org\/index.php\/wp-json\/wp\/v2\/types\/post"}],"author":[{"embeddable":true,"href":"https:\/\/cabpyme.org\/index.php\/wp-json\/wp\/v2\/users\/1"}],"replies":[{"embeddable":true,"href":"https:\/\/cabpyme.org\/index.php\/wp-json\/wp\/v2\/comments?post=63"}],"version-history":[{"count":2,"href":"https:\/\/cabpyme.org\/index.php\/wp-json\/wp\/v2\/posts\/63\/revisions"}],"predecessor-version":[{"id":68,"href":"https:\/\/cabpyme.org\/index.php\/wp-json\/wp\/v2\/posts\/63\/revisions\/68"}],"wp:featuredmedia":[{"embeddable":true,"href":"https:\/\/cabpyme.org\/index.php\/wp-json\/wp\/v2\/media\/64"}],"wp:attachment":[{"href":"https:\/\/cabpyme.org\/index.php\/wp-json\/wp\/v2\/media?parent=63"}],"wp:term":[{"taxonomy":"category","embeddable":true,"href":"https:\/\/cabpyme.org\/index.php\/wp-json\/wp\/v2\/categories?post=63"},{"taxonomy":"post_tag","embeddable":true,"href":"https:\/\/cabpyme.org\/index.php\/wp-json\/wp\/v2\/tags?post=63"}],"curies":[{"name":"wp","href":"https:\/\/api.w.org\/{rel}","templated":true}]}}