{"id":57,"date":"2024-01-04T07:59:55","date_gmt":"2024-01-04T06:59:55","guid":{"rendered":"https:\/\/cabpyme.org\/?p=57"},"modified":"2024-01-04T07:59:56","modified_gmt":"2024-01-04T06:59:56","slug":"encuentro-con-autoridades-del-inaes","status":"publish","type":"post","link":"https:\/\/cabpyme.org\/index.php\/2024\/01\/04\/encuentro-con-autoridades-del-inaes\/","title":{"rendered":"Encuentro con autoridades del INAES"},"content":{"rendered":"\n<p><strong><u>INAES<\/u><\/strong><\/p>\n\n\n\n<p>El 5 de Julio de 2022 autoridades y afiliados de CABPYME participaron de una capacitaci\u00f3n a cargo de funcionarios de INAES y de Facundo Villalba, el delegado regional de INAES, para conocer en detalle las caracter\u00edsticas de la plataforma COMPRAR, a trav\u00e9s de la cual el Estado abre las puertas para que empresas de toda \u00edndole puedan participar de las Licitaciones Publicas de todos los organismos del Estado.<\/p>\n\n\n\n<figure class=\"wp-block-image size-large\"><img loading=\"lazy\" decoding=\"async\" width=\"1024\" height=\"576\" src=\"https:\/\/cabpyme.org\/wp-content\/uploads\/2024\/01\/20220705_120525-1024x576.jpg\" alt=\"\" class=\"wp-image-59\" srcset=\"https:\/\/cabpyme.org\/wp-content\/uploads\/2024\/01\/20220705_120525-1024x576.jpg 1024w, https:\/\/cabpyme.org\/wp-content\/uploads\/2024\/01\/20220705_120525-300x169.jpg 300w, https:\/\/cabpyme.org\/wp-content\/uploads\/2024\/01\/20220705_120525-768x432.jpg 768w, https:\/\/cabpyme.org\/wp-content\/uploads\/2024\/01\/20220705_120525-1536x864.jpg 1536w, https:\/\/cabpyme.org\/wp-content\/uploads\/2024\/01\/20220705_120525-2048x1152.jpg 2048w\" sizes=\"auto, (max-width: 1024px) 100vw, 1024px\" \/><\/figure>\n\n\n\n<p>Tuvo como prop\u00f3sito general, que las Autoridades conozcan en profundidad todas las caracter\u00edsticas de la plataforma, as\u00ed como las caracter\u00edsticas de las licitaciones, de manera que los miembros de la Camara tengan una idea profunda y clara sobre las dificultades a tener en cuenta a la hora de asesorar a afiliados que quieran licitar para proveer al estado.<\/p>\n\n\n\n<p>El encuentro se hace en el marco de la cooperaci\u00f3n que vienen llevando adelante el INAES y CABPYME para la promoci\u00f3n y el desarrollo tanto de las Cooperativas afiliadas a la Camara como de las Pymes en general.<\/p>\n\n\n\n<figure class=\"wp-block-image size-large\"><img loading=\"lazy\" decoding=\"async\" width=\"1024\" height=\"576\" src=\"https:\/\/cabpyme.org\/wp-content\/uploads\/2024\/01\/20220705_120342-1024x576.jpg\" alt=\"\" class=\"wp-image-58\" srcset=\"https:\/\/cabpyme.org\/wp-content\/uploads\/2024\/01\/20220705_120342-1024x576.jpg 1024w, https:\/\/cabpyme.org\/wp-content\/uploads\/2024\/01\/20220705_120342-300x169.jpg 300w, https:\/\/cabpyme.org\/wp-content\/uploads\/2024\/01\/20220705_120342-768x432.jpg 768w, https:\/\/cabpyme.org\/wp-content\/uploads\/2024\/01\/20220705_120342-1536x864.jpg 1536w, https:\/\/cabpyme.org\/wp-content\/uploads\/2024\/01\/20220705_120342-2048x1152.jpg 2048w\" sizes=\"auto, (max-width: 1024px) 100vw, 1024px\" \/><\/figure>\n","protected":false},"excerpt":{"rendered":"<p>INAES El 5 de Julio de 2022 autoridades y afiliados de CABPYME participaron de una capacitaci\u00f3n a cargo de funcionarios de INAES y de Facundo Villalba, el delegado regional de INAES, para conocer en detalle las caracter\u00edsticas de la plataforma COMPRAR, a trav\u00e9s de la cual el Estado abre las puertas para que empresas de [&hellip;]<\/p>\n","protected":false},"author":1,"featured_media":59,"comment_status":"closed","ping_status":"closed","sticky":false,"template":"","format":"standard","meta":{"footnotes":""},"categories":[1],"tags":[],"class_list":["post-57","post","type-post","status-publish","format-standard","has-post-thumbnail","hentry","category-blog"],"_links":{"self":[{"href":"https:\/\/cabpyme.org\/index.php\/wp-json\/wp\/v2\/posts\/57","targetHints":{"allow":["GET"]}}],"collection":[{"href":"https:\/\/cabpyme.org\/index.php\/wp-json\/wp\/v2\/posts"}],"about":[{"href":"https:\/\/cabpyme.org\/index.php\/wp-json\/wp\/v2\/types\/post"}],"author":[{"embeddable":true,"href":"https:\/\/cabpyme.org\/index.php\/wp-json\/wp\/v2\/users\/1"}],"replies":[{"embeddable":true,"href":"https:\/\/cabpyme.org\/index.php\/wp-json\/wp\/v2\/comments?post=57"}],"version-history":[{"count":1,"href":"https:\/\/cabpyme.org\/index.php\/wp-json\/wp\/v2\/posts\/57\/revisions"}],"predecessor-version":[{"id":60,"href":"https:\/\/cabpyme.org\/index.php\/wp-json\/wp\/v2\/posts\/57\/revisions\/60"}],"wp:featuredmedia":[{"embeddable":true,"href":"https:\/\/cabpyme.org\/index.php\/wp-json\/wp\/v2\/media\/59"}],"wp:attachment":[{"href":"https:\/\/cabpyme.org\/index.php\/wp-json\/wp\/v2\/media?parent=57"}],"wp:term":[{"taxonomy":"category","embeddable":true,"href":"https:\/\/cabpyme.org\/index.php\/wp-json\/wp\/v2\/categories?post=57"},{"taxonomy":"post_tag","embeddable":true,"href":"https:\/\/cabpyme.org\/index.php\/wp-json\/wp\/v2\/tags?post=57"}],"curies":[{"name":"wp","href":"https:\/\/api.w.org\/{rel}","templated":true}]}}