{"id":53,"date":"2024-01-04T07:57:20","date_gmt":"2024-01-04T06:57:20","guid":{"rendered":"https:\/\/cabpyme.org\/?p=53"},"modified":"2024-01-04T07:57:21","modified_gmt":"2024-01-04T06:57:21","slug":"reunion-con-el-intendente-de-mar-chiquita-y-los-secretarios-de-produccion-y-obras-publicas","status":"publish","type":"post","link":"https:\/\/cabpyme.org\/index.php\/2024\/01\/04\/reunion-con-el-intendente-de-mar-chiquita-y-los-secretarios-de-produccion-y-obras-publicas\/","title":{"rendered":"Reuni\u00f3n con el Intendente de Mar Chiquita y los Secretarios de Producci\u00f3n y Obras Publicas"},"content":{"rendered":"\n<p><strong><u>Reuni\u00f3n con el Intendente de Mar Chiquita y los Secretarios de Producci\u00f3n y Obras Publicas<\/u><\/strong><\/p>\n\n\n\n<p>El 28 de Diciembre de 2021 CABPYME se reuni\u00f3 con el Intendente Jorge Pared\u00ed y los Secretarios de Producci\u00f3n y de Obras Publicas del Partido de Mar Chiquita, donde la c\u00e1mara planteo soluciones a problem\u00e1ticas especificas de la localidad, se interiorizo sobre algunos aspectos de la normativa local y se avanzo en la instalaci\u00f3n de obras de CABPYME en el territorio de Mar Chiquita.<\/p>\n\n\n\n<figure class=\"wp-block-image size-large\"><img loading=\"lazy\" decoding=\"async\" width=\"1024\" height=\"576\" src=\"https:\/\/cabpyme.org\/wp-content\/uploads\/2024\/01\/20211228_1428180-1024x576.jpg\" alt=\"\" class=\"wp-image-54\" srcset=\"https:\/\/cabpyme.org\/wp-content\/uploads\/2024\/01\/20211228_1428180-1024x576.jpg 1024w, https:\/\/cabpyme.org\/wp-content\/uploads\/2024\/01\/20211228_1428180-300x169.jpg 300w, https:\/\/cabpyme.org\/wp-content\/uploads\/2024\/01\/20211228_1428180-768x432.jpg 768w, https:\/\/cabpyme.org\/wp-content\/uploads\/2024\/01\/20211228_1428180-1536x864.jpg 1536w, https:\/\/cabpyme.org\/wp-content\/uploads\/2024\/01\/20211228_1428180-2048x1152.jpg 2048w\" sizes=\"auto, (max-width: 1024px) 100vw, 1024px\" \/><\/figure>\n\n\n\n<p>Como otro tema principal, las autoridades de producci\u00f3n de la municipalidad Interiorizaron a las autoridades de la c\u00e1mara sobre las herramientas que ofrece el municipio para la radicaci\u00f3n de PYMES en la regi\u00f3n. Tuvieron especial \u00e9nfasis en destacar las bondades del recientemente abierto Parque Industrial de Coronel Vidal, el cual esta en b\u00fasqueda activa de inversiones productivas para desarrollar la actividad econ\u00f3mica de esa localidad del interior. De la misma forma, los funcionarios de producci\u00f3n deslizaron la posibilidad real que existe de abrir un nuevo parque Industrial ubicado, estrat\u00e9gicamente, en una localidad de Mar Chiquita muy cercana a Mar del Plata.<\/p>\n\n\n\n<figure class=\"wp-block-image size-large\"><img loading=\"lazy\" decoding=\"async\" width=\"1024\" height=\"576\" src=\"https:\/\/cabpyme.org\/wp-content\/uploads\/2024\/01\/20211228_142649-1024x576.jpg\" alt=\"\" class=\"wp-image-55\" srcset=\"https:\/\/cabpyme.org\/wp-content\/uploads\/2024\/01\/20211228_142649-1024x576.jpg 1024w, https:\/\/cabpyme.org\/wp-content\/uploads\/2024\/01\/20211228_142649-300x169.jpg 300w, https:\/\/cabpyme.org\/wp-content\/uploads\/2024\/01\/20211228_142649-768x432.jpg 768w, https:\/\/cabpyme.org\/wp-content\/uploads\/2024\/01\/20211228_142649-1536x864.jpg 1536w, https:\/\/cabpyme.org\/wp-content\/uploads\/2024\/01\/20211228_142649-2048x1152.jpg 2048w\" sizes=\"auto, (max-width: 1024px) 100vw, 1024px\" \/><\/figure>\n\n\n\n<p>Por su parte, el Secretario de Planificaci\u00f3n y Prospectiva de la Camara, Enrique Estampella, encargado de promover, realizar convenios y asesorar a los afiliados en sus estrategias de inversi\u00f3n en los Parques Industriales, estableci\u00f3 el canal de comunicaci\u00f3n con el gabinete de Mar Chiquita para seguir avanzando en inversiones que beneficien tanto al pueblo de la comuna como a las Empresas socias de la C\u00e1mara.<\/p>\n\n\n\n<p>Por \u00faltimo, se acordaron futuras reuniones para seguir avanzando en todos los temas y establecer una cooperaci\u00f3n y contacto permanente entre la Municipalidad y la Camara.<\/p>\n","protected":false},"excerpt":{"rendered":"<p>Reuni\u00f3n con el Intendente de Mar Chiquita y los Secretarios de Producci\u00f3n y Obras Publicas El 28 de Diciembre de 2021 CABPYME se reuni\u00f3 con el Intendente Jorge Pared\u00ed y los Secretarios de Producci\u00f3n y de Obras Publicas del Partido de Mar Chiquita, donde la c\u00e1mara planteo soluciones a problem\u00e1ticas especificas de la localidad, se [&hellip;]<\/p>\n","protected":false},"author":1,"featured_media":54,"comment_status":"closed","ping_status":"closed","sticky":false,"template":"","format":"standard","meta":{"footnotes":""},"categories":[1],"tags":[],"class_list":["post-53","post","type-post","status-publish","format-standard","has-post-thumbnail","hentry","category-blog"],"_links":{"self":[{"href":"https:\/\/cabpyme.org\/index.php\/wp-json\/wp\/v2\/posts\/53","targetHints":{"allow":["GET"]}}],"collection":[{"href":"https:\/\/cabpyme.org\/index.php\/wp-json\/wp\/v2\/posts"}],"about":[{"href":"https:\/\/cabpyme.org\/index.php\/wp-json\/wp\/v2\/types\/post"}],"author":[{"embeddable":true,"href":"https:\/\/cabpyme.org\/index.php\/wp-json\/wp\/v2\/users\/1"}],"replies":[{"embeddable":true,"href":"https:\/\/cabpyme.org\/index.php\/wp-json\/wp\/v2\/comments?post=53"}],"version-history":[{"count":1,"href":"https:\/\/cabpyme.org\/index.php\/wp-json\/wp\/v2\/posts\/53\/revisions"}],"predecessor-version":[{"id":56,"href":"https:\/\/cabpyme.org\/index.php\/wp-json\/wp\/v2\/posts\/53\/revisions\/56"}],"wp:featuredmedia":[{"embeddable":true,"href":"https:\/\/cabpyme.org\/index.php\/wp-json\/wp\/v2\/media\/54"}],"wp:attachment":[{"href":"https:\/\/cabpyme.org\/index.php\/wp-json\/wp\/v2\/media?parent=53"}],"wp:term":[{"taxonomy":"category","embeddable":true,"href":"https:\/\/cabpyme.org\/index.php\/wp-json\/wp\/v2\/categories?post=53"},{"taxonomy":"post_tag","embeddable":true,"href":"https:\/\/cabpyme.org\/index.php\/wp-json\/wp\/v2\/tags?post=53"}],"curies":[{"name":"wp","href":"https:\/\/api.w.org\/{rel}","templated":true}]}}