{"id":5,"date":"2024-01-02T20:26:20","date_gmt":"2024-01-02T19:26:20","guid":{"rendered":"https:\/\/cabpyme.org\/?p=5"},"modified":"2024-01-04T07:37:17","modified_gmt":"2024-01-04T06:37:17","slug":"visitamos-el-amanecer","status":"publish","type":"post","link":"https:\/\/cabpyme.org\/index.php\/2024\/01\/02\/visitamos-el-amanecer\/","title":{"rendered":"Visitamos la Cooperativa Nuevo Amanecer"},"content":{"rendered":"\n<p><strong><u>VISITAMOS EL AMANECER<\/u><\/strong><\/p>\n\n\n\n<p>El 29 de Junio del 2022 parte de la comisi\u00f3n directiva de CABPYME articulo, en el marco de la visita de la destacada funcionaria de las Empresas Estatales de Bolivia, Patricia Ballivan, y el Secretario Nacional de Pol\u00edticas Alimentarias, Rafael Klejzer, una reuni\u00f3n con la comisi\u00f3n directiva de la Cooperativa de Trabajo Nuevo Amanecer, empresa social dedicada a la producci\u00f3n industrial Lactea que fue quebrada hace unas d\u00e9cadas durante las terribles crisis econ\u00f3micas que vivi\u00f3 nuestro pa\u00eds y recuperada por sus trabajadores, constituy\u00e9ndose desde entonces como s\u00edmbolo del cooperativismo argentino.<\/p>\n\n\n\n<p>Los funcionarios junto a CABPYME se interiorizaron de la realidad que vive la cooperativa, los sue\u00f1os de sus integrantes y las dificultades de su d\u00eda a d\u00eda.<\/p>\n\n\n\n<figure class=\"wp-block-image size-large\"><img loading=\"lazy\" decoding=\"async\" width=\"1024\" height=\"576\" src=\"https:\/\/cabpyme.org\/wp-content\/uploads\/2024\/01\/20220629_165036-1024x576.jpg\" alt=\"\" class=\"wp-image-7\" srcset=\"https:\/\/cabpyme.org\/wp-content\/uploads\/2024\/01\/20220629_165036-1024x576.jpg 1024w, https:\/\/cabpyme.org\/wp-content\/uploads\/2024\/01\/20220629_165036-300x169.jpg 300w, https:\/\/cabpyme.org\/wp-content\/uploads\/2024\/01\/20220629_165036-768x432.jpg 768w, https:\/\/cabpyme.org\/wp-content\/uploads\/2024\/01\/20220629_165036-1536x864.jpg 1536w, https:\/\/cabpyme.org\/wp-content\/uploads\/2024\/01\/20220629_165036-2048x1152.jpg 2048w\" sizes=\"auto, (max-width: 1024px) 100vw, 1024px\" \/><\/figure>\n","protected":false},"excerpt":{"rendered":"<p>VISITAMOS EL AMANECER El 29 de Junio del 2022 parte de la comisi\u00f3n directiva de CABPYME articulo, en el marco de la visita de la destacada funcionaria de las Empresas Estatales de Bolivia, Patricia Ballivan, y el Secretario Nacional de Pol\u00edticas Alimentarias, Rafael Klejzer, una reuni\u00f3n con la comisi\u00f3n directiva de la Cooperativa de Trabajo [&hellip;]<\/p>\n","protected":false},"author":1,"featured_media":9,"comment_status":"closed","ping_status":"closed","sticky":false,"template":"","format":"standard","meta":{"footnotes":""},"categories":[1],"tags":[],"class_list":["post-5","post","type-post","status-publish","format-standard","has-post-thumbnail","hentry","category-blog"],"_links":{"self":[{"href":"https:\/\/cabpyme.org\/index.php\/wp-json\/wp\/v2\/posts\/5","targetHints":{"allow":["GET"]}}],"collection":[{"href":"https:\/\/cabpyme.org\/index.php\/wp-json\/wp\/v2\/posts"}],"about":[{"href":"https:\/\/cabpyme.org\/index.php\/wp-json\/wp\/v2\/types\/post"}],"author":[{"embeddable":true,"href":"https:\/\/cabpyme.org\/index.php\/wp-json\/wp\/v2\/users\/1"}],"replies":[{"embeddable":true,"href":"https:\/\/cabpyme.org\/index.php\/wp-json\/wp\/v2\/comments?post=5"}],"version-history":[{"count":3,"href":"https:\/\/cabpyme.org\/index.php\/wp-json\/wp\/v2\/posts\/5\/revisions"}],"predecessor-version":[{"id":45,"href":"https:\/\/cabpyme.org\/index.php\/wp-json\/wp\/v2\/posts\/5\/revisions\/45"}],"wp:featuredmedia":[{"embeddable":true,"href":"https:\/\/cabpyme.org\/index.php\/wp-json\/wp\/v2\/media\/9"}],"wp:attachment":[{"href":"https:\/\/cabpyme.org\/index.php\/wp-json\/wp\/v2\/media?parent=5"}],"wp:term":[{"taxonomy":"category","embeddable":true,"href":"https:\/\/cabpyme.org\/index.php\/wp-json\/wp\/v2\/categories?post=5"},{"taxonomy":"post_tag","embeddable":true,"href":"https:\/\/cabpyme.org\/index.php\/wp-json\/wp\/v2\/tags?post=5"}],"curies":[{"name":"wp","href":"https:\/\/api.w.org\/{rel}","templated":true}]}}