{"id":49,"date":"2024-01-04T07:52:24","date_gmt":"2024-01-04T06:52:24","guid":{"rendered":"https:\/\/cabpyme.org\/?p=49"},"modified":"2024-01-04T07:53:19","modified_gmt":"2024-01-04T06:53:19","slug":"reunion-con-el-director-regional-del-ministerio-de-trabajo","status":"publish","type":"post","link":"https:\/\/cabpyme.org\/index.php\/2024\/01\/04\/reunion-con-el-director-regional-del-ministerio-de-trabajo\/","title":{"rendered":"Reuni\u00f3n con el Director Regional del Ministerio de Trabajo"},"content":{"rendered":"\n<p><u style=\"font-weight: bold;\">REUNION CON EL DIRECTOR DEL MINISTERIO DE TRABAJO<\/u><\/p>\n\n\n\n<p>El 27 de Diciembre de 2021 autoridades de CABPYME se reunieron con el director regional del Ministerio de Trabajo de la Naci\u00f3n, Daniel Di Bartolo y otras autoridades del ministerio.<\/p>\n\n\n\n<p>El encuentro se realizo en el marco de algunas problem\u00e1ticas detectadas por miembros de la Camara a la hora de realizar tramites para acceder a Programas de fomento de empleo, como el programa \u201cTe Sumo\u201d. En ese sentido, se acord\u00f3 cooperar entre CABPYME y funcionarios del ministerio para lograr simplificar algunos pasos administrativos y canalizar tramites a trav\u00e9s de la c\u00e1mara.<\/p>\n\n\n\n<p>Despu\u00e9s se hablo de otros programas activos del Ministerio, especial \u00e9nfasis se hizo en el programa de Credito Fiscal para Capacitaciones, el cual se puede enlazar con otros proyectos de formaci\u00f3n que la c\u00e1mara ya viene realizando y otros que se planea realizar.<\/p>\n\n\n\n<p>Por ultimo, se acord\u00f3 la cooperaci\u00f3n entre el Ministerio y la Camara para la realizaci\u00f3n de una escuela de Formaci\u00f3n Profesional de CABPYME en la ciudad de Mar del Plata, proyecto que CABPYME viene gestionando desde sus inicios.<\/p>\n\n\n\n<figure class=\"wp-block-image size-large\"><img loading=\"lazy\" decoding=\"async\" width=\"1024\" height=\"576\" src=\"https:\/\/cabpyme.org\/wp-content\/uploads\/2024\/01\/20211227_122343-1024x576.jpg\" alt=\"\" class=\"wp-image-50\" srcset=\"https:\/\/cabpyme.org\/wp-content\/uploads\/2024\/01\/20211227_122343-1024x576.jpg 1024w, https:\/\/cabpyme.org\/wp-content\/uploads\/2024\/01\/20211227_122343-300x169.jpg 300w, https:\/\/cabpyme.org\/wp-content\/uploads\/2024\/01\/20211227_122343-768x432.jpg 768w, https:\/\/cabpyme.org\/wp-content\/uploads\/2024\/01\/20211227_122343-1536x864.jpg 1536w, https:\/\/cabpyme.org\/wp-content\/uploads\/2024\/01\/20211227_122343-2048x1152.jpg 2048w\" sizes=\"auto, (max-width: 1024px) 100vw, 1024px\" \/><\/figure>\n","protected":false},"excerpt":{"rendered":"<p>REUNION CON EL DIRECTOR DEL MINISTERIO DE TRABAJO El 27 de Diciembre de 2021 autoridades de CABPYME se reunieron con el director regional del Ministerio de Trabajo de la Naci\u00f3n, Daniel Di Bartolo y otras autoridades del ministerio. El encuentro se realizo en el marco de algunas problem\u00e1ticas detectadas por miembros de la Camara a [&hellip;]<\/p>\n","protected":false},"author":1,"featured_media":50,"comment_status":"closed","ping_status":"closed","sticky":false,"template":"","format":"standard","meta":{"footnotes":""},"categories":[1],"tags":[],"class_list":["post-49","post","type-post","status-publish","format-standard","has-post-thumbnail","hentry","category-blog"],"_links":{"self":[{"href":"https:\/\/cabpyme.org\/index.php\/wp-json\/wp\/v2\/posts\/49","targetHints":{"allow":["GET"]}}],"collection":[{"href":"https:\/\/cabpyme.org\/index.php\/wp-json\/wp\/v2\/posts"}],"about":[{"href":"https:\/\/cabpyme.org\/index.php\/wp-json\/wp\/v2\/types\/post"}],"author":[{"embeddable":true,"href":"https:\/\/cabpyme.org\/index.php\/wp-json\/wp\/v2\/users\/1"}],"replies":[{"embeddable":true,"href":"https:\/\/cabpyme.org\/index.php\/wp-json\/wp\/v2\/comments?post=49"}],"version-history":[{"count":2,"href":"https:\/\/cabpyme.org\/index.php\/wp-json\/wp\/v2\/posts\/49\/revisions"}],"predecessor-version":[{"id":52,"href":"https:\/\/cabpyme.org\/index.php\/wp-json\/wp\/v2\/posts\/49\/revisions\/52"}],"wp:featuredmedia":[{"embeddable":true,"href":"https:\/\/cabpyme.org\/index.php\/wp-json\/wp\/v2\/media\/50"}],"wp:attachment":[{"href":"https:\/\/cabpyme.org\/index.php\/wp-json\/wp\/v2\/media?parent=49"}],"wp:term":[{"taxonomy":"category","embeddable":true,"href":"https:\/\/cabpyme.org\/index.php\/wp-json\/wp\/v2\/categories?post=49"},{"taxonomy":"post_tag","embeddable":true,"href":"https:\/\/cabpyme.org\/index.php\/wp-json\/wp\/v2\/tags?post=49"}],"curies":[{"name":"wp","href":"https:\/\/api.w.org\/{rel}","templated":true}]}}