{"id":40,"date":"2024-01-04T07:34:00","date_gmt":"2024-01-04T06:34:00","guid":{"rendered":"https:\/\/cabpyme.org\/?p=40"},"modified":"2024-01-04T07:35:12","modified_gmt":"2024-01-04T06:35:12","slug":"reunion-con-directora-general-del-servicio-de-desarrollo-de-las-empresas-publicas-productivas-de-bolivia","status":"publish","type":"post","link":"https:\/\/cabpyme.org\/index.php\/2024\/01\/04\/reunion-con-directora-general-del-servicio-de-desarrollo-de-las-empresas-publicas-productivas-de-bolivia\/","title":{"rendered":"Reunion con Directora General del Servicio de Desarrollo de las Empresas Publicas Productivas de BOLIVIA"},"content":{"rendered":"\n<p><\/p>\n\n\n\n<p>El 29 de Julio del 2022 la comisi\u00f3n directiva de CABPYME recibi\u00f3 a la \u201cDirectora General del Servicio de Desarrollo de las Empresas Publicas Productivas\u201d del Estado Plurinacional de Bolivia, Patricia Ballivan, y al Secretario Nacional de Pol\u00edticas Alimentarias, Rafael Klejzer.<\/p>\n\n\n\n<p>La visita se realiz\u00f3, en el marco de la cooperaci\u00f3n que vienen llevando adelante la mencionada Secretaria Nacional con CABPYME, con el prop\u00f3sito de estrechar lazos entre las Empresas Estatales del Pa\u00eds hermano de Bolivia con las Pymes Bonaerenses representadas por la Camara Bonaerense de Peque\u00f1as y Medianas Empresas.<\/p>\n\n\n\n<p>Se comparti\u00f3 con la destacada referente de Bolivia toda la gama de posibilidades que tiene el pa\u00eds hermano a su disposici\u00f3n para invertir y hacer negocios con empresas locales de la Provincia de Buenos Aires, y se dejo establecido la comunicaci\u00f3n con Patricia Ballivan para avanzar en ese sentido, quien aprovecho la reuni\u00f3n para interiorizarse de las caracteristicas de la econom\u00eda Argentina, nuestra realidad social y la situaci\u00f3n de las pymes.<\/p>\n\n\n\n<p>Tambi\u00e9n se aprovecho la visita para elevar las problem\u00e1ticas de las pymes al Secretario Nacional de Pol\u00edticas Alimentarias Rafael Klejzer, quien prometi\u00f3 soluciones en ese aspecto. Por ultimo, se acord\u00f3 realizar futuras reuniones tanto con Klejzer como con Ballivan para seguir avanzando en agendas comunes.<\/p>\n\n\n\n<figure class=\"wp-block-image size-large\"><img loading=\"lazy\" decoding=\"async\" width=\"1024\" height=\"576\" src=\"https:\/\/cabpyme.org\/wp-content\/uploads\/2024\/01\/20220629_181137-1024x576.jpg\" alt=\"\" class=\"wp-image-41\" srcset=\"https:\/\/cabpyme.org\/wp-content\/uploads\/2024\/01\/20220629_181137-1024x576.jpg 1024w, https:\/\/cabpyme.org\/wp-content\/uploads\/2024\/01\/20220629_181137-300x169.jpg 300w, https:\/\/cabpyme.org\/wp-content\/uploads\/2024\/01\/20220629_181137-768x432.jpg 768w, https:\/\/cabpyme.org\/wp-content\/uploads\/2024\/01\/20220629_181137-1536x864.jpg 1536w, https:\/\/cabpyme.org\/wp-content\/uploads\/2024\/01\/20220629_181137-2048x1152.jpg 2048w\" sizes=\"auto, (max-width: 1024px) 100vw, 1024px\" \/><\/figure>\n","protected":false},"excerpt":{"rendered":"<p>El 29 de Julio del 2022 la comisi\u00f3n directiva de CABPYME recibi\u00f3 a la \u201cDirectora General del Servicio de Desarrollo de las Empresas Publicas Productivas\u201d del Estado Plurinacional de Bolivia, Patricia Ballivan, y al Secretario Nacional de Pol\u00edticas Alimentarias, Rafael Klejzer. La visita se realiz\u00f3, en el marco de la cooperaci\u00f3n que vienen llevando adelante [&hellip;]<\/p>\n","protected":false},"author":1,"featured_media":41,"comment_status":"closed","ping_status":"closed","sticky":false,"template":"","format":"standard","meta":{"footnotes":""},"categories":[1],"tags":[],"class_list":["post-40","post","type-post","status-publish","format-standard","has-post-thumbnail","hentry","category-blog"],"_links":{"self":[{"href":"https:\/\/cabpyme.org\/index.php\/wp-json\/wp\/v2\/posts\/40","targetHints":{"allow":["GET"]}}],"collection":[{"href":"https:\/\/cabpyme.org\/index.php\/wp-json\/wp\/v2\/posts"}],"about":[{"href":"https:\/\/cabpyme.org\/index.php\/wp-json\/wp\/v2\/types\/post"}],"author":[{"embeddable":true,"href":"https:\/\/cabpyme.org\/index.php\/wp-json\/wp\/v2\/users\/1"}],"replies":[{"embeddable":true,"href":"https:\/\/cabpyme.org\/index.php\/wp-json\/wp\/v2\/comments?post=40"}],"version-history":[{"count":1,"href":"https:\/\/cabpyme.org\/index.php\/wp-json\/wp\/v2\/posts\/40\/revisions"}],"predecessor-version":[{"id":42,"href":"https:\/\/cabpyme.org\/index.php\/wp-json\/wp\/v2\/posts\/40\/revisions\/42"}],"wp:featuredmedia":[{"embeddable":true,"href":"https:\/\/cabpyme.org\/index.php\/wp-json\/wp\/v2\/media\/41"}],"wp:attachment":[{"href":"https:\/\/cabpyme.org\/index.php\/wp-json\/wp\/v2\/media?parent=40"}],"wp:term":[{"taxonomy":"category","embeddable":true,"href":"https:\/\/cabpyme.org\/index.php\/wp-json\/wp\/v2\/categories?post=40"},{"taxonomy":"post_tag","embeddable":true,"href":"https:\/\/cabpyme.org\/index.php\/wp-json\/wp\/v2\/tags?post=40"}],"curies":[{"name":"wp","href":"https:\/\/api.w.org\/{rel}","templated":true}]}}