{"id":35,"date":"2024-01-04T07:28:51","date_gmt":"2024-01-04T06:28:51","guid":{"rendered":"https:\/\/cabpyme.org\/?p=35"},"modified":"2024-01-04T07:35:54","modified_gmt":"2024-01-04T06:35:54","slug":"reunion-con-autoridades-del-cdr","status":"publish","type":"post","link":"https:\/\/cabpyme.org\/index.php\/2024\/01\/04\/reunion-con-autoridades-del-cdr\/","title":{"rendered":"Reunio\u00f3n con autoridades del Centro de Referencia del Ministerio de Desarrollo Social"},"content":{"rendered":"\n<p><strong><u>REUNION  CON AUTORIDADES DEL CENTRO DE REFERENCIA DEL MDS<\/u><\/strong><\/p>\n\n\n\n<p>El 7 de Julio de 2022 CABPYME recibi\u00f3 en su sede central de Mar del Plata al Director Regional del Centro de Referencia del Ministerio de Desarrollo Social de la Naci\u00f3n, Diego Garc\u00eda, para la realizaci\u00f3n de convenios que se ven\u00edan gestionando desde Diciembre.<\/p>\n\n\n\n<p>Producto de este encuentro, la Camara Bonaerense de Peque\u00f1as y Medianas Empresas realizara, con supervisi\u00f3n y asesoramiento de personal del CDR, un proyecto para que afiliados de bajos recursos y en situaci\u00f3n de vulnerabilidad social y econ\u00f3mica accedan a m\u00e1quinas y Herramientas, mediante financiamiento del Ministerio de Desarrollo Social de la Naci\u00f3n, para que cuenten con lo necesario para poder realizar su actividad laboral. La Camara sigue trabajando y haciendo todo lo posible para transformar la realidad de las Pymes Bonaerenses y reactivar la econom\u00eda de la provincia.<\/p>\n\n\n\n<figure class=\"wp-block-image size-large\"><img loading=\"lazy\" decoding=\"async\" width=\"1024\" height=\"768\" src=\"https:\/\/cabpyme.org\/wp-content\/uploads\/2024\/01\/IMG-20211202-WA0046-1024x768.jpg\" alt=\"\" class=\"wp-image-36\" srcset=\"https:\/\/cabpyme.org\/wp-content\/uploads\/2024\/01\/IMG-20211202-WA0046-1024x768.jpg 1024w, https:\/\/cabpyme.org\/wp-content\/uploads\/2024\/01\/IMG-20211202-WA0046-300x225.jpg 300w, https:\/\/cabpyme.org\/wp-content\/uploads\/2024\/01\/IMG-20211202-WA0046-768x576.jpg 768w, https:\/\/cabpyme.org\/wp-content\/uploads\/2024\/01\/IMG-20211202-WA0046-1536x1152.jpg 1536w, https:\/\/cabpyme.org\/wp-content\/uploads\/2024\/01\/IMG-20211202-WA0046.jpg 1600w\" sizes=\"auto, (max-width: 1024px) 100vw, 1024px\" \/><\/figure>\n","protected":false},"excerpt":{"rendered":"<p>REUNION CON AUTORIDADES DEL CENTRO DE REFERENCIA DEL MDS El 7 de Julio de 2022 CABPYME recibi\u00f3 en su sede central de Mar del Plata al Director Regional del Centro de Referencia del Ministerio de Desarrollo Social de la Naci\u00f3n, Diego Garc\u00eda, para la realizaci\u00f3n de convenios que se ven\u00edan gestionando desde Diciembre. Producto de [&hellip;]<\/p>\n","protected":false},"author":1,"featured_media":36,"comment_status":"closed","ping_status":"closed","sticky":false,"template":"","format":"standard","meta":{"footnotes":""},"categories":[1],"tags":[],"class_list":["post-35","post","type-post","status-publish","format-standard","has-post-thumbnail","hentry","category-blog"],"_links":{"self":[{"href":"https:\/\/cabpyme.org\/index.php\/wp-json\/wp\/v2\/posts\/35","targetHints":{"allow":["GET"]}}],"collection":[{"href":"https:\/\/cabpyme.org\/index.php\/wp-json\/wp\/v2\/posts"}],"about":[{"href":"https:\/\/cabpyme.org\/index.php\/wp-json\/wp\/v2\/types\/post"}],"author":[{"embeddable":true,"href":"https:\/\/cabpyme.org\/index.php\/wp-json\/wp\/v2\/users\/1"}],"replies":[{"embeddable":true,"href":"https:\/\/cabpyme.org\/index.php\/wp-json\/wp\/v2\/comments?post=35"}],"version-history":[{"count":3,"href":"https:\/\/cabpyme.org\/index.php\/wp-json\/wp\/v2\/posts\/35\/revisions"}],"predecessor-version":[{"id":43,"href":"https:\/\/cabpyme.org\/index.php\/wp-json\/wp\/v2\/posts\/35\/revisions\/43"}],"wp:featuredmedia":[{"embeddable":true,"href":"https:\/\/cabpyme.org\/index.php\/wp-json\/wp\/v2\/media\/36"}],"wp:attachment":[{"href":"https:\/\/cabpyme.org\/index.php\/wp-json\/wp\/v2\/media?parent=35"}],"wp:term":[{"taxonomy":"category","embeddable":true,"href":"https:\/\/cabpyme.org\/index.php\/wp-json\/wp\/v2\/categories?post=35"},{"taxonomy":"post_tag","embeddable":true,"href":"https:\/\/cabpyme.org\/index.php\/wp-json\/wp\/v2\/tags?post=35"}],"curies":[{"name":"wp","href":"https:\/\/api.w.org\/{rel}","templated":true}]}}